{"id":1456,"date":"2025-02-11T23:00:00","date_gmt":"2025-02-11T23:00:00","guid":{"rendered":"https:\/\/noticias.clgrupoindustrial.es\/index.php\/2025\/02\/11\/sector-siderurgico-europeo-preve-recuperacion-en-2026-con-restricciones-a-importaciones-2\/"},"modified":"2025-02-11T23:00:00","modified_gmt":"2025-02-11T23:00:00","slug":"sector-siderurgico-europeo-preve-recuperacion-en-2026-con-restricciones-a-importaciones-2","status":"publish","type":"post","link":"https:\/\/noticias.clgrupoindustrial.es\/index.php\/2025\/02\/11\/sector-siderurgico-europeo-preve-recuperacion-en-2026-con-restricciones-a-importaciones-2\/","title":{"rendered":"Sector sider\u00fargico europeo prev\u00e9 recuperaci\u00f3n en 2026 con restricciones a importaciones"},"content":{"rendered":"<p class=\"meta-line\">\n  <span class=\"meta-label\">Fuente \/ Tag:<\/span><br \/>\n  <span class=\"meta-value\">Unesid, Informaci\u00f3n sectorial<\/span>\n<\/p>\n<p><a href=\"https:\/\/clipper.thenewstoyou.com\/e\/UNESID\/article\/692e8db3bc63a840cabb8575?token=eyJhbGciOiJIUzI1NiIsInR5cCI6IkpXVCJ9.eyJzaGFyZV90b2tlbiI6IjM0MmY2MjQzY2JhMGNlOWU0ODkyYWEwNiIsInVzZXIiOjI0MzE1OX0.4jgKBm3XMAlVAIAwvkpSsnTTSagsy98HKaFu0gBzy5A\" class=\"boton-cta\"><br \/>\n  LEER M\u00c1S<br \/>\n<\/a><\/p>\n","protected":false},"excerpt":{"rendered":"<p>Fuente \/ Tag: Unesid, Informaci\u00f3n sectorial LEER M\u00c1S<\/p>\n","protected":false},"author":1,"featured_media":1455,"comment_status":"open","ping_status":"open","sticky":false,"template":"","format":"standard","meta":{"_acf_changed":false,"footnotes":""},"categories":[26],"tags":[],"class_list":["post-1456","post","type-post","status-publish","format-standard","has-post-thumbnail","hentry","category-informacion-sectorial"],"acf":[],"_links":{"self":[{"href":"https:\/\/noticias.clgrupoindustrial.es\/index.php\/wp-json\/wp\/v2\/posts\/1456","targetHints":{"allow":["GET"]}}],"collection":[{"href":"https:\/\/noticias.clgrupoindustrial.es\/index.php\/wp-json\/wp\/v2\/posts"}],"about":[{"href":"https:\/\/noticias.clgrupoindustrial.es\/index.php\/wp-json\/wp\/v2\/types\/post"}],"author":[{"embeddable":true,"href":"https:\/\/noticias.clgrupoindustrial.es\/index.php\/wp-json\/wp\/v2\/users\/1"}],"replies":[{"embeddable":true,"href":"https:\/\/noticias.clgrupoindustrial.es\/index.php\/wp-json\/wp\/v2\/comments?post=1456"}],"version-history":[{"count":0,"href":"https:\/\/noticias.clgrupoindustrial.es\/index.php\/wp-json\/wp\/v2\/posts\/1456\/revisions"}],"wp:featuredmedia":[{"embeddable":true,"href":"https:\/\/noticias.clgrupoindustrial.es\/index.php\/wp-json\/wp\/v2\/media\/1455"}],"wp:attachment":[{"href":"https:\/\/noticias.clgrupoindustrial.es\/index.php\/wp-json\/wp\/v2\/media?parent=1456"}],"wp:term":[{"taxonomy":"category","embeddable":true,"href":"https:\/\/noticias.clgrupoindustrial.es\/index.php\/wp-json\/wp\/v2\/categories?post=1456"},{"taxonomy":"post_tag","embeddable":true,"href":"https:\/\/noticias.clgrupoindustrial.es\/index.php\/wp-json\/wp\/v2\/tags?post=1456"}],"curies":[{"name":"wp","href":"https:\/\/api.w.org\/{rel}","templated":true}]}}